{"id":789,"date":"2018-03-26T10:42:08","date_gmt":"2018-03-26T08:42:08","guid":{"rendered":"https:\/\/www.ahorreluz.es\/blog\/?p=789"},"modified":"2020-08-11T09:48:22","modified_gmt":"2020-08-11T07:48:22","slug":"como-afecta-la-energia-reactiva","status":"publish","type":"post","link":"https:\/\/www.ahorreluz.es\/blog\/como-afecta-la-energia-reactiva\/","title":{"rendered":"\u00bfQu\u00e9 es la energ\u00eda reactiva y c\u00f3mo nos afecta?"},"content":{"rendered":"<p>La energ\u00eda que consumimos diariamente en nuestras casas est\u00e1 compuesta por dos tipos: energ\u00eda activa y energ\u00eda reactiva. Ambas forman lo que se denomina energ\u00eda aparente.<\/p>\n<p>La energ\u00eda activa todos tenemos claro que la energ\u00eda el\u00e9ctrica transformada en trabajo mec\u00e1nico y carlo. B\u00e1sicamente es aquella que utilizan todos nuestros dispositivos el\u00e9ctricos para funcionar.<\/p>\n<p>Pero, \u00bfqu\u00e9 es la energ\u00eda reactiva? Puede resultar un poco m\u00e1s complicado definirla pero en este post vamos a intentar contarte todo lo que necesitas saber acerca de ella de la manera m\u00e1s sencilla posible.<\/p>\n<p>La energ\u00eda reactiva es aquella que generan algunos aparatos el\u00e9ctricos que llevan incorporadas bobinas o condensadores para crear campos el\u00e9ctricos y magn\u00e9ticos necesarios para su funcionamiento como pueden ser los ordenadores u otros dispositivos electr\u00f3nicos.<\/p>\n<p>Esta energ\u00eda reactiva no tiene ninguna utilidad como s\u00ed la tiene la activa. Es medida en voltiamperios reactivos (VAr) y si tienes aparatos el\u00e9ctricos que generen demasiada puede suponer un incremento del precio de tu factura final.<\/p>\n<div id=\"toc_container\" class=\"no_bullets\"><p class=\"toc_title\">&Iacute;ndice de contenidos<\/p><ul class=\"toc_list\"><li><a href=\"#Por_que_supone_un_problema_la_energia_reactiva\"><span class=\"toc_number toc_depth_1\">1<\/span> \u00bfPor qu\u00e9 supone un problema la energ\u00eda reactiva?<\/a><\/li><li><a href=\"#Como_eliminar_la_energia_reactiva\"><span class=\"toc_number toc_depth_1\">2<\/span> \u00bfC\u00f3mo eliminar la energ\u00eda reactiva?<\/a><\/li><li><a href=\"#Ventajas_de_compensar_la_energia_reactiva\"><span class=\"toc_number toc_depth_1\">3<\/span> Ventajas de compensar la energ\u00eda reactiva<\/a><\/li><\/ul><\/div>\n<h2><span id=\"Por_que_supone_un_problema_la_energia_reactiva\">\u00bfPor qu\u00e9 supone un problema la energ\u00eda reactiva?<\/span><\/h2>\n<p>El principal problema de la energ\u00eda reactiva es que al no transformarse en trabajo como la activa y permanece circulando por la red el\u00e9ctrica. Esto hace que se necesite un mayor mantenimiento de la instalaci\u00f3n para que no se produzcan bajadas de tensi\u00f3n o cortes en el circuito por la continua salida y entrada de energ\u00eda reactiva en la red.<\/p>\n<p>El mantenimiento que necesitan las instalaciones el\u00e9ctricas es uno de los principales motivos que llevaron al gobierno a instaurar, mediante un decreto, una especie de penalizaci\u00f3n. Esto se traduce en un aumento del precio de la factura final seg\u00fan la energ\u00eda reactiva que hayas producido. Esta sanci\u00f3n se establecer\u00e1 en funci\u00f3n de la potencia contratada:<\/p>\n<ul>\n<li>Potencia menor de 15 kW: se impondr\u00e1 sanci\u00f3n si la energ\u00eda reactiva supera el 50% del consumo de energ\u00eda activa.<\/li>\n<li>Potencia mayor de 15 kW: se facturar\u00e1 si la producci\u00f3n de energ\u00eda reactiva sobrepasa en un 33% la de energ\u00eda activa.<\/li>\n<\/ul>\n<h2><span id=\"Como_eliminar_la_energia_reactiva\">\u00bfC\u00f3mo eliminar la energ\u00eda reactiva?<\/span><\/h2>\n<p>Una posible soluci\u00f3n para acabar con el incremento del precio de nuestra factura de la luz que supone la energ\u00eda reactiva es la instalaci\u00f3n de bater\u00edas de condensadores.<\/p>\n<p>Las bater\u00edas de condensadores reducen o compensan la demanda de energ\u00eda reactiva de la red y adem\u00e1s optimizan el funcionamiento y rendimiento de la instalaci\u00f3n el\u00e9ctrica.<\/p>\n<h2><span id=\"Ventajas_de_compensar_la_energia_reactiva\">Ventajas de compensar la energ\u00eda reactiva<\/span><\/h2>\n<p>Una de las principales ventajas que supone la compensaci\u00f3n o eliminaci\u00f3n de la energ\u00eda reactiva es evitar el aumento del precio de nuestra <a href=\"https:\/\/www.ahorreluz.es\/blog\/apps-ahorrar-factura-luz\/\" target=\"_blank\" rel=\"noopener\">factura de la luz<\/a>. Pero tambi\u00e9n encontramos algunas m\u00e1s:<\/p>\n<ul>\n<li>Ahorro energ\u00e9tico.<\/li>\n<li>Evitar ca\u00eddas de tensi\u00f3n al generar gran cantidad de energ\u00eda reactiva.<\/li>\n<li>Reducci\u00f3n del cableado en nuestra instalaci\u00f3n el\u00e9ctrica.<\/li>\n<\/ul>\n","protected":false},"excerpt":{"rendered":"<p>La energ\u00eda que consumimos diariamente en nuestras casas est\u00e1 compuesta por dos tipos: energ\u00eda activa y energ\u00eda reactiva. Ambas forman lo que se denomina energ\u00eda aparente. La energ\u00eda activa todos tenemos claro que la energ\u00eda el\u00e9ctrica transformada en trabajo mec\u00e1nico y carlo. B\u00e1sicamente es aquella que utilizan todos nuestros dispositivos el\u00e9ctricos para funcionar. Pero, \u00bfqu\u00e9 &#8230; <a title=\"\u00bfQu\u00e9 es la energ\u00eda reactiva y c\u00f3mo nos afecta?\" class=\"read-more\" href=\"https:\/\/www.ahorreluz.es\/blog\/como-afecta-la-energia-reactiva\/\" aria-label=\"M\u00e1s en \u00bfQu\u00e9 es la energ\u00eda reactiva y c\u00f3mo nos afecta?\">Leer m\u00e1s<\/a><\/p>\n","protected":false},"author":3,"featured_media":790,"comment_status":"closed","ping_status":"closed","sticky":false,"template":"","format":"standard","meta":{"generate_page_header":""},"categories":[1],"tags":[],"_links":{"self":[{"href":"https:\/\/www.ahorreluz.es\/blog\/wp-json\/wp\/v2\/posts\/789"}],"collection":[{"href":"https:\/\/www.ahorreluz.es\/blog\/wp-json\/wp\/v2\/posts"}],"about":[{"href":"https:\/\/www.ahorreluz.es\/blog\/wp-json\/wp\/v2\/types\/post"}],"author":[{"embeddable":true,"href":"https:\/\/www.ahorreluz.es\/blog\/wp-json\/wp\/v2\/users\/3"}],"replies":[{"embeddable":true,"href":"https:\/\/www.ahorreluz.es\/blog\/wp-json\/wp\/v2\/comments?post=789"}],"version-history":[{"count":1,"href":"https:\/\/www.ahorreluz.es\/blog\/wp-json\/wp\/v2\/posts\/789\/revisions"}],"predecessor-version":[{"id":791,"href":"https:\/\/www.ahorreluz.es\/blog\/wp-json\/wp\/v2\/posts\/789\/revisions\/791"}],"wp:featuredmedia":[{"embeddable":true,"href":"https:\/\/www.ahorreluz.es\/blog\/wp-json\/wp\/v2\/media\/790"}],"wp:attachment":[{"href":"https:\/\/www.ahorreluz.es\/blog\/wp-json\/wp\/v2\/media?parent=789"}],"wp:term":[{"taxonomy":"category","embeddable":true,"href":"https:\/\/www.ahorreluz.es\/blog\/wp-json\/wp\/v2\/categories?post=789"},{"taxonomy":"post_tag","embeddable":true,"href":"https:\/\/www.ahorreluz.es\/blog\/wp-json\/wp\/v2\/tags?post=789"}],"curies":[{"name":"wp","href":"https:\/\/api.w.org\/{rel}","templated":true}]}}