{"id":1969,"date":"2023-04-17T09:36:45","date_gmt":"2023-04-17T07:36:45","guid":{"rendered":"https:\/\/www.ahorreluz.es\/blog\/?p=1969"},"modified":"2023-04-17T09:36:46","modified_gmt":"2023-04-17T07:36:46","slug":"como-calcular-la-factura-de-la-luz","status":"publish","type":"post","link":"https:\/\/www.ahorreluz.es\/blog\/como-calcular-la-factura-de-la-luz\/","title":{"rendered":"\u00bfC\u00f3mo calcular la factura de la luz?"},"content":{"rendered":"\n<p>Con tanta informaci\u00f3n sobre nuestras opciones en servicios energ\u00e9ticos como es la luz, es normal que a veces nos sintamos abrumados a la hora de recibir, calcular o entender nuestras facturas. \u00a1Descubramos c\u00f3mo se hace!<\/p>\n\n\n\n<p>Es muy importante saber qu\u00e9 consumo estamos haciendo en nuestro d\u00eda a d\u00eda, ya sea en hogares, empresas o veh\u00edculos. Es un hecho que los precios se han puesto por las nubes y la <strong>preocupaci\u00f3n por la factura de la luz<\/strong> est\u00e1 presente en nuestras vidas. Debemos, pues, aprender a entenderlas y ver c\u00f3mo podemos ahorrar.<\/p>\n\n\n\n<div id=\"toc_container\" class=\"no_bullets\"><p class=\"toc_title\">&Iacute;ndice de contenidos<\/p><ul class=\"toc_list\"><li><a href=\"#La_factura_de_luz_como_concepto\"><span class=\"toc_number toc_depth_1\">1<\/span> La factura de luz como concepto<\/a><\/li><li><a href=\"#Calculo_de_la_factura\"><span class=\"toc_number toc_depth_1\">2<\/span> C\u00e1lculo de la factura<\/a><\/li><li><a href=\"#Nos_gusta_que_te_informes\"><span class=\"toc_number toc_depth_1\">3<\/span> Nos gusta que te informes<\/a><\/li><\/ul><\/div>\n<h2><span id=\"La_factura_de_luz_como_concepto\">La factura de luz como concepto<\/span><\/h2>\n\n\n\n<p>Para aprender a calcularla, debemos saber qu\u00e9 es para entender qu\u00e9 nos vamos a encontrar. La<strong> factura de la luz<\/strong>, pues, es el justificante que nos env\u00edan las comercializadoras para saber <strong>cu\u00e1l es el consumo de electricidad que hemos realizado y cu\u00e1nto debemos pagar para ello.\u00a0<\/strong><\/p>\n\n\n\n<p>\u00bfDe qu\u00e9 depender\u00e1 el importe de la factura? Va a cambiar en funci\u00f3n de la<strong> tarifa el\u00e9ctrica contratada, el consumo realizado y la potencia<\/strong>. Y, por lo tanto, para conseguir ahorrar hay que tener en cuenta estos tres aspectos. Dejando a un lado el tipo de tarifa, lo que va a variar va a ser:\u00a0<\/p>\n\n\n\n<ul><li><strong>T\u00e9rmino de potencia<\/strong>: indica el precio a pagar por la potencia, este precio se mide en euros\/kilovatio d\u00eda y va a diferir seg\u00fan la comercializadora y las horas punta o valle.<\/li><\/ul>\n\n\n\n<ul><li><strong>T\u00e9rmino de consumo<\/strong>: este hace referencia al precio del kilovatio hora y es el t\u00e9rmino variable en la factura porque va a depender de la cantidad de energ\u00eda consumida. Dependiendo de la franja horaria y de la comercializadora vas a tener un \u20ac\/kWh u otro.&nbsp;<\/li><\/ul>\n\n\n\n<h2><span id=\"Calculo_de_la_factura\">C\u00e1lculo de la factura<\/span><\/h2>\n\n\n\n<p>Este es un proceso que puede ser confuso y, por ello, se puede realizar con ayuda de un <strong>simulador de facturas<\/strong> de luz, para que haga unos c\u00e1lculos aproximados del importe de los recibos. No obstante, tambi\u00e9n se puede hacer una propia estimaci\u00f3n haciendo las mismas operaciones que aparecen en la factura.&nbsp;<\/p>\n\n\n\n<ol><li><strong>Calcular el precio de la potencia:<\/strong> Hay que multiplicar el precio del kW (en horas punta y valle) x la potencia contratada y los d\u00edas de facturaci\u00f3n. Para obtener el coste final, hay que sumar ambos importes.&nbsp;<\/li><li><strong>Analizar el consumo de luz de los \u00faltimos meses: <\/strong>Se trata de hacer una estimaci\u00f3n del consumo que se ha hecho (es m\u00e1s f\u00e1cil teniendo referencias de meses o el a\u00f1o anterior), y se tiene que multiplicar el consumo kWh (de cada franja horaria) x el precio kWh (tambi\u00e9n de cada franja respectivamente) y sumarlo todo.&nbsp;<\/li><li><strong>Aplicar Impuesto El\u00e9ctrico: <\/strong>\u00c9ste es un 5,12% sobre la suma del t\u00e9rmino de potencia y de consumo.&nbsp;<\/li><li><strong>Sumar el alquiler del contador de luz: <\/strong>Por un contador anal\u00f3gico hay un precio fijo de 0,027\u20ac\/d\u00eda. Por lo que se multiplica por los d\u00edas de facturaci\u00f3n y \u00e9ste va a ser el resultado.&nbsp;<\/li><li><strong>Calcular el IVA a aplicar:<\/strong> Es tan sencillo como aplicar un 21% del subtotal de los puntos anteriores.&nbsp;<\/li><\/ol>\n\n\n\n<h2><span id=\"Nos_gusta_que_te_informes\">Nos gusta que te informes<\/span><\/h2>\n\n\n\n<p>En <strong>Ahorreluz<\/strong> queremos que te sientas informado y sepas qu\u00e9 est\u00e1s pagando. Por este motivo, haciendo \u00e9stos c\u00e1lculos vas a poder <strong>predecir qu\u00e9 parte te est\u00e1 haciendo subir mucho la factura y generar un ahorro significativo en tu recibo<\/strong>. Adem\u00e1s, vas a poder ver cu\u00e1les son tus mayores necesidades energ\u00e9ticas.\u00a0<\/p>\n\n\n\n<p>Desde <strong>Ahorreluz <\/strong>te ofrecemos <strong><a href=\"https:\/\/www.ahorreluz.es\/\" rel=\"noreferrer noopener\" target=\"_blank\">comparadores de tarifas<\/a><\/strong> de luz y gas para que seas consciente de todo.\u00a0<\/p>\n","protected":false},"excerpt":{"rendered":"<p>Con tanta informaci\u00f3n sobre nuestras opciones en servicios energ\u00e9ticos como es la luz, es normal que a veces nos sintamos abrumados a la hora de recibir, calcular o entender nuestras facturas. \u00a1Descubramos c\u00f3mo se hace! Es muy importante saber qu\u00e9 consumo estamos haciendo en nuestro d\u00eda a d\u00eda, ya sea en hogares, empresas o veh\u00edculos. &#8230; <a title=\"\u00bfC\u00f3mo calcular la factura de la luz?\" class=\"read-more\" href=\"https:\/\/www.ahorreluz.es\/blog\/como-calcular-la-factura-de-la-luz\/\" aria-label=\"M\u00e1s en \u00bfC\u00f3mo calcular la factura de la luz?\">Leer m\u00e1s<\/a><\/p>\n","protected":false},"author":2,"featured_media":1970,"comment_status":"closed","ping_status":"closed","sticky":false,"template":"","format":"standard","meta":{"generate_page_header":""},"categories":[1],"tags":[],"_links":{"self":[{"href":"https:\/\/www.ahorreluz.es\/blog\/wp-json\/wp\/v2\/posts\/1969"}],"collection":[{"href":"https:\/\/www.ahorreluz.es\/blog\/wp-json\/wp\/v2\/posts"}],"about":[{"href":"https:\/\/www.ahorreluz.es\/blog\/wp-json\/wp\/v2\/types\/post"}],"author":[{"embeddable":true,"href":"https:\/\/www.ahorreluz.es\/blog\/wp-json\/wp\/v2\/users\/2"}],"replies":[{"embeddable":true,"href":"https:\/\/www.ahorreluz.es\/blog\/wp-json\/wp\/v2\/comments?post=1969"}],"version-history":[{"count":1,"href":"https:\/\/www.ahorreluz.es\/blog\/wp-json\/wp\/v2\/posts\/1969\/revisions"}],"predecessor-version":[{"id":1971,"href":"https:\/\/www.ahorreluz.es\/blog\/wp-json\/wp\/v2\/posts\/1969\/revisions\/1971"}],"wp:featuredmedia":[{"embeddable":true,"href":"https:\/\/www.ahorreluz.es\/blog\/wp-json\/wp\/v2\/media\/1970"}],"wp:attachment":[{"href":"https:\/\/www.ahorreluz.es\/blog\/wp-json\/wp\/v2\/media?parent=1969"}],"wp:term":[{"taxonomy":"category","embeddable":true,"href":"https:\/\/www.ahorreluz.es\/blog\/wp-json\/wp\/v2\/categories?post=1969"},{"taxonomy":"post_tag","embeddable":true,"href":"https:\/\/www.ahorreluz.es\/blog\/wp-json\/wp\/v2\/tags?post=1969"}],"curies":[{"name":"wp","href":"https:\/\/api.w.org\/{rel}","templated":true}]}}