{"id":1804,"date":"2022-06-07T12:50:32","date_gmt":"2022-06-07T10:50:32","guid":{"rendered":"https:\/\/www.ahorreluz.es\/blog\/?p=1804"},"modified":"2022-06-07T12:50:34","modified_gmt":"2022-06-07T10:50:34","slug":"dia-mundial-del-medio-ambiente","status":"publish","type":"post","link":"https:\/\/www.ahorreluz.es\/blog\/dia-mundial-del-medio-ambiente\/","title":{"rendered":"D\u00eda Mundial del Medio Ambiente"},"content":{"rendered":"\n<p>\u00bfSab\u00edas que el 5 de Junio fue el D\u00eda Mundial del Medio Ambiente? \u00bfSabes el origen de este d\u00eda tan especial elegido para proteger nuestro planeta? Aunque a muchos parece no importarle\u2026 Solo hay un planeta Tierra. \u00a1Por eso debemos protegerlo!<\/p>\n\n\n\n<div id=\"toc_container\" class=\"no_bullets\"><p class=\"toc_title\">&Iacute;ndice de contenidos<\/p><ul class=\"toc_list\"><li><a href=\"#Origen_del_Dia_Mundial_del_Medio_Ambiente\"><span class=\"toc_number toc_depth_1\">1<\/span> Origen del D\u00eda Mundial del Medio Ambiente<\/a><\/li><li><a href=\"#Objetivo_del_Dia_Mundial_del_Medio_Ambiente\"><span class=\"toc_number toc_depth_1\">2<\/span> Objetivo del D\u00eda Mundial del Medio Ambiente<\/a><\/li><li><a href=\"#La_importancia_de_proteger_el_medioambiente\"><span class=\"toc_number toc_depth_1\">3<\/span> La importancia de proteger el medioambiente<\/a><\/li><\/ul><\/div>\n<h2><span id=\"Origen_del_Dia_Mundial_del_Medio_Ambiente\">Origen del D\u00eda Mundial del Medio Ambiente<\/span><\/h2>\n\n\n\n<p>En 1972 se desarroll\u00f3 en Estocolmo la primera gran conferencia en referencia al medioambiente, llamada la Cumbre de Estocolmo. Fue la fecha escogida para recordarnos a todos la importancia de proteger nuestro medio. <strong>La Tierra es nuestro \u00fanico hogar y nuestro planeta<\/strong>. \u00a1Debemos poner de nuestra parte!<\/p>\n\n\n\n<h2><span id=\"Objetivo_del_Dia_Mundial_del_Medio_Ambiente\">Objetivo del D\u00eda Mundial del Medio Ambiente<\/span><\/h2>\n\n\n\n<p>Al igual que con el d\u00eda mundial del reciclaje, aqu\u00ed tambi\u00e9n tenemos un lema. Solo existe un planeta Tierra, nuestro hogar. El objetivo de este d\u00eda es recordar lo importante que es <strong>vivir de forma sostenible<\/strong>, viviendo en armon\u00eda con la naturaleza.<\/p>\n\n\n\n<p>Debemos ser conscientes de nuestra huella en el planeta. Todo es nuestra responsabilidad. Solo tenemos un planeta y una oportunidad para revertir el cambio. <\/p>\n\n\n\n<p>Ya han pasado 50 a\u00f1os desde que se marc\u00f3 este d\u00eda. Es responsabilidad de todos cuidar del medioambiente\u2026 \u00bfQu\u00e9 pasar\u00eda si no lo cuidamos? No existe otro planeta Tierra.<\/p>\n\n\n\n<p>Es importante mantener un estilo de vida m\u00e1s ecol\u00f3gico y limpio,<strong> apostando por energ\u00edas renovables<\/strong> y <strong>generando menos contaminaci\u00f3n<\/strong> \u2014tanto en forma de pl\u00e1sticos como de CO2\u2014.<\/p>\n\n\n\n<h2><span id=\"La_importancia_de_proteger_el_medioambiente\">La importancia de proteger el medioambiente<\/span><\/h2>\n\n\n\n<p>A\u00f1o tras a\u00f1o, el ecosistema se merma y perdemos cada vez m\u00e1s zonas verdes de nuestro planeta. Los bosques son el pulm\u00f3n de nuestro planeta, \u00a1por eso es tan importante protegerlos! Con el incremento del CO2, el cambio clim\u00e1tico esta cada vez m\u00e1s cerca.<\/p>\n\n\n\n<p>Asegurarnos de restaurar los ecosistemas es algo primordial. <strong>Prevenir, detener y revertir los da\u00f1os<\/strong> ocasionados deber\u00eda ser nuestra \u00fanica misi\u00f3n.<\/p>\n\n\n\n<p>Detengamos esa explotaci\u00f3n de naturaleza para pasar a curarla. La Tierra nos necesita. Consiguiendo ecosistemas saludables podremos lograr el mejor planeta, una mejor vida y un mejor ecosistema. <strong>\u00a1Contrarrestar el cambio clim\u00e1tico es cosa de todos!<\/strong><\/p>\n","protected":false},"excerpt":{"rendered":"<p>\u00bfSab\u00edas que el 5 de Junio fue el D\u00eda Mundial del Medio Ambiente? \u00bfSabes el origen de este d\u00eda tan especial elegido para proteger nuestro planeta? Aunque a muchos parece no importarle\u2026 Solo hay un planeta Tierra. \u00a1Por eso debemos protegerlo! &Iacute;ndice de contenidos1 Origen del D\u00eda Mundial del Medio Ambiente2 Objetivo del D\u00eda Mundial &#8230; <a title=\"D\u00eda Mundial del Medio Ambiente\" class=\"read-more\" href=\"https:\/\/www.ahorreluz.es\/blog\/dia-mundial-del-medio-ambiente\/\" aria-label=\"M\u00e1s en D\u00eda Mundial del Medio Ambiente\">Leer m\u00e1s<\/a><\/p>\n","protected":false},"author":2,"featured_media":1805,"comment_status":"closed","ping_status":"closed","sticky":false,"template":"","format":"standard","meta":{"generate_page_header":""},"categories":[1],"tags":[],"_links":{"self":[{"href":"https:\/\/www.ahorreluz.es\/blog\/wp-json\/wp\/v2\/posts\/1804"}],"collection":[{"href":"https:\/\/www.ahorreluz.es\/blog\/wp-json\/wp\/v2\/posts"}],"about":[{"href":"https:\/\/www.ahorreluz.es\/blog\/wp-json\/wp\/v2\/types\/post"}],"author":[{"embeddable":true,"href":"https:\/\/www.ahorreluz.es\/blog\/wp-json\/wp\/v2\/users\/2"}],"replies":[{"embeddable":true,"href":"https:\/\/www.ahorreluz.es\/blog\/wp-json\/wp\/v2\/comments?post=1804"}],"version-history":[{"count":2,"href":"https:\/\/www.ahorreluz.es\/blog\/wp-json\/wp\/v2\/posts\/1804\/revisions"}],"predecessor-version":[{"id":1807,"href":"https:\/\/www.ahorreluz.es\/blog\/wp-json\/wp\/v2\/posts\/1804\/revisions\/1807"}],"wp:featuredmedia":[{"embeddable":true,"href":"https:\/\/www.ahorreluz.es\/blog\/wp-json\/wp\/v2\/media\/1805"}],"wp:attachment":[{"href":"https:\/\/www.ahorreluz.es\/blog\/wp-json\/wp\/v2\/media?parent=1804"}],"wp:term":[{"taxonomy":"category","embeddable":true,"href":"https:\/\/www.ahorreluz.es\/blog\/wp-json\/wp\/v2\/categories?post=1804"},{"taxonomy":"post_tag","embeddable":true,"href":"https:\/\/www.ahorreluz.es\/blog\/wp-json\/wp\/v2\/tags?post=1804"}],"curies":[{"name":"wp","href":"https:\/\/api.w.org\/{rel}","templated":true}]}}