{"id":1627,"date":"2021-07-20T12:40:30","date_gmt":"2021-07-20T10:40:30","guid":{"rendered":"https:\/\/www.ahorreluz.es\/blog\/?p=1627"},"modified":"2021-08-26T08:59:17","modified_gmt":"2021-08-26T06:59:17","slug":"tips-para-entender-el-precio-de-la-luz","status":"publish","type":"post","link":"https:\/\/www.ahorreluz.es\/blog\/tips-para-entender-el-precio-de-la-luz\/","title":{"rendered":"Tips para entender el precio de la luz"},"content":{"rendered":"\n<p>Uno de los motivos principales por el que las personas personas terminan cambi\u00e1ndose de compa\u00f1\u00eda el\u00e9ctrica es el alto coste de la factura a fin de mes. Y es que muchos usuarios no saben qu\u00e9 es lo que est\u00e1n pagando o <a href=\"https:\/\/www.ahorreluz.es\/blog\/por-que-varia-el-precio-de-la-luz\/\" target=\"_blank\" rel=\"noreferrer noopener\">por qu\u00e9 var\u00eda el precio la luz<\/a>. <\/p>\n\n\n\n<p>En el art\u00edculo de hoy repasamos algunos conceptos b\u00e1sicos para entender c\u00f3mo funciona el precio  de la luz. <\/p>\n\n\n\n<p><strong>Para hacer este ejercicio m\u00e1s claro es importante que tengas tu factura de luz a la mano, as\u00ed podr\u00e1s ir entendiendo paso a paso, c\u00f3mo funciona.<\/strong><\/p>\n\n\n\n<div id=\"toc_container\" class=\"no_bullets\"><p class=\"toc_title\">&Iacute;ndice de contenidos<\/p><ul class=\"toc_list\"><li><a href=\"#Termino_de_energia_y_potencia\"><span class=\"toc_number toc_depth_1\">1<\/span> T\u00e9rmino de energ\u00eda y potencia<\/a><\/li><li><a href=\"#Cobro_de_Impuestos\"><span class=\"toc_number toc_depth_1\">2<\/span> Cobro de Impuestos <\/a><\/li><li><a href=\"#Tipo_de_tarifa\"><span class=\"toc_number toc_depth_1\">3<\/span> Tipo de tarifa <\/a><ul><li><a href=\"#Tarifa_fija\"><span class=\"toc_number toc_depth_2\">3.1<\/span> Tarifa fija<\/a><\/li><li><a href=\"#Tarifa_con_discriminacion_horaria\"><span class=\"toc_number toc_depth_2\">3.2<\/span> Tarifa con discriminaci\u00f3n horaria <\/a><\/li><li><a href=\"#Tarifa_PVPC\"><span class=\"toc_number toc_depth_2\">3.3<\/span> Tarifa PVPC<\/a><\/li><\/ul><\/li><li><a href=\"#Bono_social\"><span class=\"toc_number toc_depth_1\">4<\/span> Bono social<\/a><\/li><li><a href=\"#Que_compania_me_ofrece_la_luz_mas_barata\"><span class=\"toc_number toc_depth_1\">5<\/span> \u00bfQu\u00e9 compa\u00f1\u00eda me ofrece la luz m\u00e1s barata?<\/a><\/li><\/ul><\/div>\n<h2><span id=\"Termino_de_energia_y_potencia\">T\u00e9rmino de energ\u00eda y potencia<\/span><\/h2>\n\n\n\n<p>Los dos conceptos principales para entender el precio de la luz son energ\u00eda y potencia. <\/p>\n\n\n\n<p><br>El t\u00e9rmino de potencia es un <strong>precio fijo<\/strong> en todas las facturas \u2014independientemente de la tarifa que tengas contratada\u2014. El valor total sale de multiplicar la potencia contratada en kilovatios (kW) por el precio de esta potencia \u2014que depender\u00e1 de la comercializadora con la que estes contratando tus suministros\u2014.<\/p>\n\n\n\n<p>El t\u00e9rmino de energ\u00eda o consumo, corresponde al c\u00e1lculo de la energ\u00eda que has consumido a lo largo del periodo facturado. Es un <strong>valor variable<\/strong> ya que depende de la cantidad de electricidad gastada. Se calcula multiplicando los kW consumidos por el precio de energ\u00eda contratado. <\/p>\n\n\n\n<p>Adicional a esto puede aparecer un cobro por el <strong>alquiler<\/strong> de tu contador digital o equipo de telemedida que depender\u00e1 de si dispones o no de un sistema de medici\u00f3n energ\u00e9tica propio. <\/p>\n\n\n\n<h2><span id=\"Cobro_de_Impuestos\">Cobro de Impuestos <\/span><\/h2>\n\n\n\n<p>Los otros conceptos que encontrar\u00e1s siempre en tu factura son: el impuesto a la electricidad y el IVA. <\/p>\n\n\n\n<p>El impuesto a la electricidad  est\u00e1 regulado por el Gobierno y corresponde al <strong>5,11% sobre la suma de los conceptos de potencia y energ\u00eda. <\/strong><\/p>\n\n\n\n<p>El IVA se aplica a la suma de todos los conceptos mencionados anteriormente y corresponde al 21% para potencias superiores a 10kW. Aquellas que tengan una potencia inferior se aplicar\u00e1 el 10%<\/p>\n\n\n\n<h2><span id=\"Tipo_de_tarifa\">Tipo de tarifa <\/span><\/h2>\n\n\n\n<p>Otra de las cosas a tener en cuenta en los factores que pueden afectar al precio de luz es la tarifa que tengas contratada. Actualmente en el mercado el\u00e9ctrico existen tarifas con precio fijo y tarifas con precio variable. <\/p>\n\n\n\n<h3><span id=\"Tarifa_fija\">Tarifa fija<\/span><\/h3>\n\n\n\n<p>Como su nombre lo dice, esta tarifa estable un precio fijo mensual que se mantendr\u00e1 sin importar la cantidad de energ\u00eda que consumas o las horas en las que lo hagas. Esta tarifa suele encontrarse en el mercado libre. <\/p>\n\n\n\n<p>Si tienes contratada esta tarifa <strong>el precio de la luz siempre ser\u00e1 el mismo. <\/strong><\/p>\n\n\n\n<h3><span id=\"Tarifa_con_discriminacion_horaria\">Tarifa con discriminaci\u00f3n horaria <\/span><\/h3>\n\n\n\n<p>Tambi\u00e9n es conocida como la tarifa nocturna y funciona a trav\u00e9s de periodos de consumo. Dependiendo de la potencia que decidas contratar se aplicar\u00e1n diferentes periodos de energ\u00eda. Hay desde tres per\u00edodos \u2014para tarifas con potencias inferiores a 15kW (P1, P2 y P3)\u2014 y potencias superiores con seis periodos. <\/p>\n\n\n\n<p>La ventaja de contratar este tipo de tarifa es que podr\u00e1s desplazar tu consumo energ\u00e9tico a las horas valle \u2014 que ser\u00e1n las m\u00e1s econ\u00f3micas\u2014 y disminuir el valor de tus facturas. Para que salga a cuenta, es importante que el 30% de consumo diario total se haga en estas horas. <\/p>\n\n\n\n<p>Si tienes contratada esta tarifa, <strong>el precio de energ\u00eda variar\u00e1 en funci\u00f3n de tu consumo mensual<\/strong>. <\/p>\n\n\n\n<h3><span id=\"Tarifa_PVPC\">Tarifa PVPC<\/span><\/h3>\n\n\n\n<p>La tarifa del Precio Voluntario al Peque\u00f1o Consumidor (PVPC) pertenece al mercado regulado. Es la \u00fanica tarifa que pertenece a este mercado y la regula el Gobierno. <\/p>\n\n\n\n<p>Esta tarifa est\u00e1 sujeta a la oferta y la demanda de la luz y es la raz\u00f3n principal por la que puede variar mensualmente el precio de la luz. <\/p>\n\n\n\n<p>En la PVPC el consumidor paga un precio diferente por la energ\u00eda consumida seg\u00fan la hora del d\u00eda. En este sentido, para evitar sorpresas en la factura de la luz, conviene consultar cu\u00e1les son los tramos m\u00e1s caros y cu\u00e1les los m\u00e1s baratos.<\/p>\n\n\n\n<h2><span id=\"Bono_social\">Bono social<\/span><\/h2>\n\n\n\n<p>Uno de los factores que puede hacer que el precio de la luz var\u00ede tiene que ver con el bono social. <\/p>\n\n\n\n<p><strong>Es un descuento que se aplica en la factura de la luz a un determinado perfil de personas<\/strong>. Est\u00e1  regulado y sostenido por el Gobierno, y tiene como fin ayudar a los usuarios m\u00e1s desfavorecidos. <\/p>\n\n\n\n<p>Para poder acceder a \u00e9l se deben cumplir <a href=\"https:\/\/www.ahorreluz.es\/blog\/bono-social-que-quien-como-se-solicita\/\" target=\"_blank\" rel=\"noreferrer noopener\">ciertos requisitos <\/a>entre los que se encuentran tener la tarifa PVPC<\/p>\n\n\n\n<h2><span id=\"Que_compania_me_ofrece_la_luz_mas_barata\">\u00bfQu\u00e9 compa\u00f1\u00eda me ofrece la luz m\u00e1s barata?<\/span><\/h2>\n\n\n\n<p>Todos estos son los factores que pueden incidir en el precio de la luz de tus facturas. Si deseas conocer qu\u00e9 compa\u00f1\u00eda de luz y qu\u00e9 tarifa es la que m\u00e1s te conviene, puedes utilizar nuestro <strong><a href=\"https:\/\/www.ahorreluz.es\/\" target=\"_blank\" rel=\"noreferrer noopener\">comparador energ\u00e9tico<\/a><\/strong>. Env\u00edandonos tu \u00faltima factura podremos decirte cu\u00e1l es el precio de la luz que pagar\u00edas en cada compa\u00f1\u00eda. <\/p>\n\n\n\n<p>Tambi\u00e9n puedes ponerte en <a href=\"https:\/\/www.ahorreluz.es\/contacto.php\" target=\"_blank\" rel=\"noreferrer noopener\">contacto<\/a> con nosotros y resolveremos todas las dudas que tengas.3<\/p>\n\n\n\n<p><\/p>\n","protected":false},"excerpt":{"rendered":"<p>Uno de los motivos principales por el que las personas personas terminan cambi\u00e1ndose de compa\u00f1\u00eda el\u00e9ctrica es el alto coste de la factura a fin de mes. Y es que muchos usuarios no saben qu\u00e9 es lo que est\u00e1n pagando o por qu\u00e9 var\u00eda el precio la luz. En el art\u00edculo de hoy repasamos algunos &#8230; <a title=\"Tips para entender el precio de la luz\" class=\"read-more\" href=\"https:\/\/www.ahorreluz.es\/blog\/tips-para-entender-el-precio-de-la-luz\/\" aria-label=\"M\u00e1s en Tips para entender el precio de la luz\">Leer m\u00e1s<\/a><\/p>\n","protected":false},"author":4,"featured_media":1628,"comment_status":"closed","ping_status":"closed","sticky":false,"template":"","format":"standard","meta":{"generate_page_header":""},"categories":[33],"tags":[],"_links":{"self":[{"href":"https:\/\/www.ahorreluz.es\/blog\/wp-json\/wp\/v2\/posts\/1627"}],"collection":[{"href":"https:\/\/www.ahorreluz.es\/blog\/wp-json\/wp\/v2\/posts"}],"about":[{"href":"https:\/\/www.ahorreluz.es\/blog\/wp-json\/wp\/v2\/types\/post"}],"author":[{"embeddable":true,"href":"https:\/\/www.ahorreluz.es\/blog\/wp-json\/wp\/v2\/users\/4"}],"replies":[{"embeddable":true,"href":"https:\/\/www.ahorreluz.es\/blog\/wp-json\/wp\/v2\/comments?post=1627"}],"version-history":[{"count":4,"href":"https:\/\/www.ahorreluz.es\/blog\/wp-json\/wp\/v2\/posts\/1627\/revisions"}],"predecessor-version":[{"id":1632,"href":"https:\/\/www.ahorreluz.es\/blog\/wp-json\/wp\/v2\/posts\/1627\/revisions\/1632"}],"wp:featuredmedia":[{"embeddable":true,"href":"https:\/\/www.ahorreluz.es\/blog\/wp-json\/wp\/v2\/media\/1628"}],"wp:attachment":[{"href":"https:\/\/www.ahorreluz.es\/blog\/wp-json\/wp\/v2\/media?parent=1627"}],"wp:term":[{"taxonomy":"category","embeddable":true,"href":"https:\/\/www.ahorreluz.es\/blog\/wp-json\/wp\/v2\/categories?post=1627"},{"taxonomy":"post_tag","embeddable":true,"href":"https:\/\/www.ahorreluz.es\/blog\/wp-json\/wp\/v2\/tags?post=1627"}],"curies":[{"name":"wp","href":"https:\/\/api.w.org\/{rel}","templated":true}]}}